{"id":105,"date":"2024-02-01T08:44:55","date_gmt":"2024-02-01T08:44:55","guid":{"rendered":"https:\/\/futureprojekts.org\/klimaschutz\/?p=105"},"modified":"2024-03-05T11:37:23","modified_gmt":"2024-03-05T11:37:23","slug":"startet-euer-eigenes-uni-projekt-modul","status":"publish","type":"post","link":"https:\/\/futureprojekts.org\/klimaschutz\/index.php\/2024\/02\/01\/startet-euer-eigenes-uni-projekt-modul\/","title":{"rendered":"Startet euer eigenes ProjektModul an der Uni ..!"},"content":{"rendered":"<h2>Studentisch selbstorganisierte Module mit 6LP: &#8220;FutureProjekts Umwelt- &amp; Klimaschutz&#8221;<\/h2>\n<p><strong><img loading=\"lazy\" decoding=\"async\" class=\"wp-image-14 alignright\" src=\"https:\/\/futureprojekts.org\/klimaschutz\/wp-content\/uploads\/2024\/01\/FutureProjekts_KlimaSchutz_Logo_anim199FP.gif\" alt=\"\" width=\"149\" height=\"149\" \/>Wollt ihr auch &#8230;<\/strong><\/p>\n<ul>\n<li><strong>&gt; mehr Farbe im grauen Uni-Alltag ?!<\/strong><\/li>\n<li><strong>&gt; im Studium effektiv &amp; praktisch zum Klimaschutz beitragen ?!<\/strong><\/li>\n<li><strong>&gt; dabei mit und f\u00fcr die Gesellschaft neue L\u00f6sungen entwickeln und umsetzen ?!<\/strong><\/li>\n<li><strong>&gt; und daf\u00fcr selbstorganisierte Module von Sudis, f\u00fcr Studis an den Start bringen ?!<\/strong><\/li>\n<\/ul>\n<p><strong>Dann nehmt einfach Kontakt auf &#8230;<\/strong><\/p>\n<h4>I. Was ist ein FutureProjekt? ~ Ein neues innovatives Lehrveranstaltungsformat!<\/h4>\n<p><img loading=\"lazy\" decoding=\"async\" class=\"wp-image-34 alignleft\" src=\"https:\/\/futureprojekts.org\/klimaschutz\/wp-content\/uploads\/2024\/01\/Screenshot-2024-01-02-at-21-50-49-3Seiten-Info_FutureProjekts_nat-KlimaSchutz_V2024-01-02.jpg\" alt=\"\" width=\"149\" height=\"149\" \/> Ein FutureProjekt ist ein offizielles Lehr-\/Lern-, Forschungs- &amp; Entwicklungs-Modul zum Themenspektrum des Umwelt- &amp; Klimaschutzes, das von einer Studierendengruppe selbstst\u00e4ndig organisiert wird.<br \/>\nEs ist an einem Hochschul\/ Uni-Fachgebiet (Lehrstuhl) angesiedelt und wird von einer\/m Professor*in betreut (im Prinzip eine Art Schirmherrschaft).\u00a0 2 &#8211; 3 Tutor*innen leiten das interdisziplin\u00e4re und transdisziplin\u00e4re Projektmodul \u00fcber 4-8 Semester. Pro Semester k\u00f6nnen bis zu 30 Studierende (BA &amp; MA) aller Studieng\u00e4nge und aller Hochschulen\/ Unis teilnehmen und 6 Leistungspunkte (&amp; eine Note) bekommen.<br \/>\n<strong>FutureProjekts haben einen theoretischen und einen praktischen Anteil und kooperieren immer mindestens mit einem weiteren FutureProjekt an einer anderen Uni\/ Hochschule oder an einer Schule oder Berufsschule sowie mit gesellschaftlichen Akteuren, wie NGOs, Kommunen, Ehrenamtlichen, etc<\/strong> \u2026 <img loading=\"lazy\" decoding=\"async\" class=\"alignnone size-full wp-image-112\" src=\"https:\/\/futureprojekts.org\/klimaschutz\/wp-content\/uploads\/2024\/02\/about_FutureProjekts.org_Natuerlicher-KlimaSchutz-Anpassung.png\" alt=\"\" width=\"782\" height=\"488\" \/><\/p>\n<h4>II. Nicht f\u00fcr die Schublade!<\/h4>\n<p>Es geht also darum etwas zu bewegen und aktiv gegen die Klimakrise zu unternehmen und die dabei gemachten Erfahrungen, Zwischen-&amp; Endergebnisse wissenschaftlich, sowie mit und f\u00fcr die Gesellschaft aufzubereiten und zu verbreiten.<\/p>\n<figure id=\"attachment_12\" aria-describedby=\"caption-attachment-12\" style=\"width: 1275px\" class=\"wp-caption alignnone\"><a href=\"https:\/\/de.wikipedia.org\/wiki\/Kohlenstoffzyklus\" target=\"_blank\" rel=\"noopener\"><img loading=\"lazy\" decoding=\"async\" class=\"wp-image-12 size-full\" src=\"https:\/\/futureprojekts.org\/klimaschutz\/wp-content\/uploads\/2024\/01\/1280px-Carbon_cycle-cute_diagram-german_a-svg.png\" alt=\"Kohlenstoffkreislauf\" width=\"1275\" height=\"954\" \/><\/a><figcaption id=\"caption-attachment-12\" class=\"wp-caption-text\">Kohlenstoffkreislauf: https:\/\/de.wikipedia.org\/wiki\/Kohlenstoffzyklus<\/figcaption><\/figure>\n<h4>III. Themengebiete Umwelt- &amp; Klimaschutz und\u00a0 Hochschul-Fachbereiche<\/h4>\n<p><strong>Bei FutureProjekts wird sich auf Umwelt- und Klimaschutz fokussiert, also auf folgende Themenbereiche mit Theorie- und Praxisanteil:\u00a0<\/strong><\/p>\n<ol>\n<li>Ma\u00dfnahmen des Nat\u00fcrlichen Klimaschutzes und naturbasierten L\u00f6sungen<\/li>\n<li>Erhaltung\/Wiederaufbau der nat\u00fcrlichen Kohlenstoffsenken<\/li>\n<li>Erhaltung\/Wiederaufbau der nat\u00fcrlichen Biodiversit\u00e4t<\/li>\n<li>Anpassung an die Folgen der Klimakrise<\/li>\n<li>Forst- &amp; Landwirtschaft<\/li>\n<li>Ma\u00dfnahmen zur CO2-Reduktion auf Verbraucherseite<\/li>\n<li>Ma\u00dfnahmen im Verkehr<\/li>\n<li>Ma\u00dfnahmen in Privathaushalten und am Arbeitsplatz<\/li>\n<li>Klimafreundliches Konsumverhalten<\/li>\n<li>Klimaschutz an Unis &amp; Schulen<\/li>\n<li>Energie sparen<\/li>\n<li>Nutzung erneuerbarer Energien<\/li>\n<li>Effizientere Kraftwerke<\/li>\n<li>Ma\u00dfnahmen zur CO2-Reduktion in der Wirtschaft und Industrie<\/li>\n<li>Geoengineering<\/li>\n<li>&#8230;<\/li>\n<\/ol>\n<h5>Betroffen sind letztendlich (fast) alle Fachgebiete &#8230;<\/h5>\n<p><strong>z.B. an der<br \/>\nTechnischen Universit\u00e4t Berlin<br \/>\nFakult\u00e4ten:<\/strong><\/p>\n<ul>\n<li>Geistes- und Bildungswissenschaften<\/li>\n<li>Mathematik und Naturwissenschaften<\/li>\n<li>Prozesswissenschaften<\/li>\n<li>Elektrotechnik und Informatik<\/li>\n<li>Verkehrs- und Maschinensysteme<\/li>\n<li>Planen Bauen Umwelt<\/li>\n<li>Wirtschaft und Management<\/li>\n<\/ul>\n<p><strong>oder an der<br \/>\nHumboldt-Universit\u00e4t Berlin:<\/strong><\/p>\n<ul>\n<li>Kultur-, Sozial- und Bildungs\u00ad\u00adwissenschaft\u00adliche Fakult\u00e4t<\/li>\n<li>Lebens\u00adwissenschaftliche Fakult\u00e4t<\/li>\n<li>Charit\u00e9 &#8211; Universit\u00e4tsmedizin Berlin<\/li>\n<li>Mathematisch-Natur\u00adwissenschaft\u00adliche Fakult\u00e4t<\/li>\n<li>Philosophische Fakult\u00e4t<\/li>\n<li>Sprach- und literaturwissenschaftliche Fakult\u00e4t<\/li>\n<li>Juristische Fakult\u00e4t<\/li>\n<li>Wirtschafts\u00ad\u00adwissenschaftliche Fakult\u00e4t<\/li>\n<\/ul>\n<h4>IV. Kurz 1-2-3 Anleitung um ein eigenes FutureProjekt an den Start zu bringen &#8230;<\/h4>\n<figure id=\"attachment_77\" aria-describedby=\"caption-attachment-77\" style=\"width: 437px\" class=\"wp-caption alignnone\"><a href=\"https:\/\/futureprojekts.org\/klimaschutz\/wp-content\/uploads\/2024\/01\/1S-Info_FutureProjekts_Natuerlicher-KlimaSchutz_V2024-01-14a.jpg\" target=\"_blank\" rel=\"noopener\"><img loading=\"lazy\" decoding=\"async\" class=\"wp-image-77 \" src=\"https:\/\/futureprojekts.org\/klimaschutz\/wp-content\/uploads\/2024\/01\/1S-Info_FutureProjekts_Natuerlicher-KlimaSchutz_V2024-01-14a.jpg\" alt=\"\" width=\"437\" height=\"437\" \/><\/a><figcaption id=\"caption-attachment-77\" class=\"wp-caption-text\">1-2-3 Anleitung um FutureProjekts an Hochschulen zu starten<\/figcaption><\/figure>\n<h4>V. Sinn, Zweck und Impact der Module?<\/h4>\n<p>Im Kern geht es um Wissenstransfer durch praktische Klimaschutzprojekte, die bei der Umsetzung dokumentiert und ausgewertet werden. Die dabei gemachten Erfahrungen flie\u00dfen in ein Klimaschutz-Wiki und andere Materialien ein. Dieser Klimaschutz-Wissenstransfer und die Etablierung dieser neuen\u00a0 Bildungsinhalte an \u00f6ffentlichen Bildungseinrichtungen, soll dazu beizutragen, dass praktische Ma\u00dfnahmen schnell und fl\u00e4chendeckend in Angriff genommen werden. Ebenfalls sollen aktuelle Erkenntnisse durch Nutzung wissenschaftlicher und anderer Quellen und dem Austausch mit Praktiker*innen und weiteren Expert*innen einflie\u00dfen. Das erarbeitete Material (schriftlich &amp; multimedial) wird im Wiki strukturiert und kann zudem in Form eines MOOC (Massive Open Online Course) ver\u00f6ffentlicht werden.<\/p>\n<h3>VI. Neues Konzept &#8220;FutureProjekts&#8221;<\/h3>\n<p>FutureProjekts sind eine konzeptionelle Weiterentwicklung der studentischen TU Projektwerkst\u00e4tten an der Technischen Universit\u00e4t Berlin ~ <strong>Motto: &#8220;Projektwerkst\u00e4tten f\u00fcr sozial und \u00f6kologisch n\u00fctzliches Denken und Handeln&#8221;<\/strong>\u00a0 ~ seit 1985 gab es dort \u00fcber 225 solcher selbstorganisierter Module (und es gibt aktuell 22 laufende TU-Projektwerkst\u00e4tten)<em>!<\/em> Die Tutor*innen werden dabei aus internen TU-Mitteln finanziert. An der HNE Eberswalde gibt es seit 2014 ebenfalls Projektwerkst\u00e4tten. Zu Beginn in den 1980er Jahren wurden die Projektwarkst\u00e4tten an der TU Berlin &#8220;<strong>Innovations-Tutorien<\/strong>&#8221; genannt.<\/p>\n<figure style=\"width: 369px\" class=\"wp-caption alignnone\"><a title=\"LINK TU Berlin Projektwerkstatt Permakultur und Terra Preta in der Stadt und auf dem Land\" href=\"https:\/\/tatendrang.4ftr.eu\/projekte\/permakultur_terra-preta\" target=\"_blank\" rel=\"noopener\"><img loading=\"lazy\" decoding=\"async\" class=\"size-medium\" src=\"https:\/\/tatendrang.4ftr.eu\/projekte\/wp-content\/uploads\/2021\/02\/Permakultur_Terra-Preta_PW_Logo669noi-369x204-1.png\" alt=\"Link Archiv ehemalige TU Projektwerkstatt 'Permakultur und Terra Preta in der Stadt und auf dem Land'\" width=\"369\" height=\"204\" \/><\/a><figcaption class=\"wp-caption-text\">Logo ehemalige TU Projektwerkstatt &#8216;Permakultur &amp; Terra Preta in der Stadt &amp; auf dem Land&#8217;<\/figcaption><\/figure>\n<p><strong>Link:<a title=\"LINK TU Berlin Projektwerkstatt Permakultur und Terra Preta in der Stadt und auf dem Land\" href=\"https:\/\/tatendrang.4ftr.eu\/projekte\/permakultur_terra-preta\" target=\"_blank\" rel=\"noopener\"> Archiv der ehemaligen TU Projektwerkstatt Permakultur und Terra Preta in der Stadt und auf dem Land<\/a><\/strong><\/p>\n<figure style=\"width: 369px\" class=\"wp-caption alignnone\"><a title=\"LINK TU Berlin Projektwerkstatt Permakultur und Terra Preta in der Stadt und auf dem Land\" href=\"https:\/\/tatendrang.4ftr.eu\/projekte\/permakultur_terra-preta\" target=\"_blank\" rel=\"noopener\"><img loading=\"lazy\" decoding=\"async\" src=\"https:\/\/futureprojekts.org\/klimaschutz\/wp-content\/uploads\/2024\/01\/collage_pw-pk-tp.jpg.gif\" alt=\"Collage ehemalige TU Projektwerkstatt 'Permakultur &amp; Terra Preta in der Stadt &amp; auf dem Land'\" width=\"369\" height=\"212\" \/><\/a><figcaption class=\"wp-caption-text\">Fotos ehemalige TU Projektwerkstatt &#8216;Permakultur &amp; Terra Preta in der Stadt &amp; auf dem Land&#8217;<\/figcaption><\/figure>\n<h3>Video \ud83c\udf3b L\u00f6wenzahn mit Peter Lustig von 2002 :\u00a0 Studentische Zeppelin\/ Luftschiff ~ Projektwerkstatt &#8220;Luftffisch&#8221; an der TU Berlin<\/h3>\n<p><iframe loading=\"lazy\" title=\"YouTube video player\" src=\"https:\/\/www.youtube.com\/embed\/3CYZonwG5OQ?si=O4iL0tD8ZhraAESc&amp;start=811\" width=\"560\" height=\"315\" frameborder=\"0\" allowfullscreen=\"allowfullscreen\"><\/iframe> <strong>\u00a0<\/strong><\/p>\n<h3>VII. Mitmachen..<\/h3>\n<p><img loading=\"lazy\" decoding=\"async\" class=\"wp-image-36 alignright\" src=\"https:\/\/futureprojekts.org\/klimaschutz\/wp-content\/uploads\/2024\/01\/Screenshot-2024-01-02-at-21-52-20-3Seiten-Info_FutureProjekts_nat-KlimaSchutz_V2024-01-02.pdf.png\" alt=\"\" width=\"46\" height=\"107\" \/>Wenn ihr das alles f\u00fcr eine gute Idee haltet und \u00a0 eigene FutureProjekts an den Start bringen wollt, nutzt die\u00a0 Kontaktm\u00f6glichkeiten&#8230;.<\/p>\n<h4>Kontakt &amp; weitere Infos<\/h4>\n<p><strong>eMail: <\/strong><a href=\"mailto:futureprojekts@posteo.net\"><strong>futureprojekts@posteo.net<\/strong><\/a><\/p>\n<p><img loading=\"lazy\" decoding=\"async\" class=\"alignnone size-full wp-image-58\" src=\"https:\/\/futureprojekts.org\/klimaschutz\/wp-content\/uploads\/2024\/01\/FutureProjekts_Logo_rundtranspa299.png\" alt=\"\" width=\"299\" height=\"299\" \/><\/p>\n<details>\n<summary>\u0394<b> \u2207 Mehr dazu erfahren &#8230;<\/b><\/summary>\n<p><strong><a href=\"https:\/\/futureprojekts.org\/klimaschutz\/index.php\/links\">Linkliste<\/a> .<\/strong>..<\/p>\n<\/details>\n","protected":false},"excerpt":{"rendered":"<p>Studentisch selbstorganisierte Module mit 6LP: &#8220;FutureProjekts Umwelt- &amp; Klimaschutz&#8221; Wollt ihr auch &#8230; &gt; mehr Farbe im grauen Uni-Alltag ?! &gt; im Studium effektiv &amp; praktisch zum Klimaschutz beitragen ?! &gt; dabei mit und f\u00fcr die Gesellschaft neue L\u00f6sungen entwickeln und umsetzen ?! &gt; und daf\u00fcr selbstorganisierte Module von Sudis, f\u00fcr Studis an den Start &hellip; <a href=\"https:\/\/futureprojekts.org\/klimaschutz\/index.php\/2024\/02\/01\/startet-euer-eigenes-uni-projekt-modul\/\" class=\"more-link\">Continue reading <span class=\"screen-reader-text\">Startet euer eigenes ProjektModul an der Uni ..!<\/span> <span class=\"meta-nav\">&rarr;<\/span><\/a><\/p>\n","protected":false},"author":1,"featured_media":0,"comment_status":"open","ping_status":"open","sticky":false,"template":"","format":"standard","meta":{"footnotes":""},"categories":[1],"tags":[],"_links":{"self":[{"href":"https:\/\/futureprojekts.org\/klimaschutz\/index.php\/wp-json\/wp\/v2\/posts\/105"}],"collection":[{"href":"https:\/\/futureprojekts.org\/klimaschutz\/index.php\/wp-json\/wp\/v2\/posts"}],"about":[{"href":"https:\/\/futureprojekts.org\/klimaschutz\/index.php\/wp-json\/wp\/v2\/types\/post"}],"author":[{"embeddable":true,"href":"https:\/\/futureprojekts.org\/klimaschutz\/index.php\/wp-json\/wp\/v2\/users\/1"}],"replies":[{"embeddable":true,"href":"https:\/\/futureprojekts.org\/klimaschutz\/index.php\/wp-json\/wp\/v2\/comments?post=105"}],"version-history":[{"count":12,"href":"https:\/\/futureprojekts.org\/klimaschutz\/index.php\/wp-json\/wp\/v2\/posts\/105\/revisions"}],"predecessor-version":[{"id":132,"href":"https:\/\/futureprojekts.org\/klimaschutz\/index.php\/wp-json\/wp\/v2\/posts\/105\/revisions\/132"}],"wp:attachment":[{"href":"https:\/\/futureprojekts.org\/klimaschutz\/index.php\/wp-json\/wp\/v2\/media?parent=105"}],"wp:term":[{"taxonomy":"category","embeddable":true,"href":"https:\/\/futureprojekts.org\/klimaschutz\/index.php\/wp-json\/wp\/v2\/categories?post=105"},{"taxonomy":"post_tag","embeddable":true,"href":"https:\/\/futureprojekts.org\/klimaschutz\/index.php\/wp-json\/wp\/v2\/tags?post=105"}],"curies":[{"name":"wp","href":"https:\/\/api.w.org\/{rel}","templated":true}]}}